{"id":2165,"date":"2025-04-21T21:04:36","date_gmt":"2025-04-21T19:04:36","guid":{"rendered":"https:\/\/kommet.fr\/?p=2165"},"modified":"2025-04-21T21:08:56","modified_gmt":"2025-04-21T19:08:56","slug":"exposition-collective-le-geste-du-commun","status":"publish","type":"post","link":"https:\/\/kommet.fr\/index.php\/2025\/04\/21\/exposition-collective-le-geste-du-commun\/","title":{"rendered":"Exposition collective &#8211; le geste du commun"},"content":{"rendered":"\n<figure class=\"wp-block-embed is-type-video is-provider-youtube wp-block-embed-youtube wp-embed-aspect-16-9 wp-has-aspect-ratio\"><div class=\"wp-block-embed__wrapper\">\n<iframe loading=\"lazy\" title=\"Exposition collective &quot;le geste du commun&quot; - KOMMET\" width=\"525\" height=\"295\" src=\"https:\/\/www.youtube.com\/embed\/nwgjyzUVGig?feature=oembed\" frameborder=\"0\" allow=\"accelerometer; autoplay; clipboard-write; encrypted-media; gyroscope; picture-in-picture; web-share\" referrerpolicy=\"strict-origin-when-cross-origin\" allowfullscreen><\/iframe>\n<\/div><figcaption>Portrait film\u00e9 r\u00e9alis\u00e9 par <a rel=\"noreferrer noopener\" href=\"https:\/\/lsnfilms.com\/\" target=\"_blank\">Lam Son Nguyen \u2013 Lsnfilms<\/a><\/figcaption><\/figure>\n\n\n\n<p>Cette exposition est soutenue dans le cadre du fonds PERSPEKTIVE pour l\u2019art contemporain &amp; l\u2019architecture, une initiative du Bureau des arts visuels de l\u2019Institut fran\u00e7ais d\u2019Allemagne. Soutenu par le minist\u00e8re de la Culture, l\u2019Institut fran\u00e7ais de Paris<br>et le Goethe Institut.<\/p>\n\n\n\n<div style=\"height:37px\" aria-hidden=\"true\" class=\"wp-block-spacer\"><\/div>\n\n\n\n<p><strong>le geste du commun<\/strong><\/p>\n\n\n\n<p>Pour leur seconde collaboration, le centre d\u2019art KOMMET et la r\u00e9sidence nomade an\u00b7 other here pr\u00e9sentent \u00e0 Lyon l\u2019exposition collective le geste du commun. \u00c0 l\u2019issue d\u2019une r\u00e9sidence crois\u00e9e entre la France et l\u2019Allemagne, les artistes Pierre Boggio, Julie Escoffier et Gis\u00e8le Gonon d\u00e9voilent le r\u00e9sultat de leurs recherches men\u00e9es \u00e0 Berlin et dans le village dr\u00f4mois de Montbrun-les-Bains. Cette exposition rassemble des oeuvres qui explorent la notion de communaut\u00e9 \u00e0 travers nos liens aux r\u00e9cits, aux territoires et aux dynamiques collectives.<\/p>\n\n\n\n<p>\u00c0 la crois\u00e9e du folklore, de l\u2019oralit\u00e9 et des rituels collectifs, Pierre Boggio \u00e9tudie les formes de transmission visibles et invisibles. Son installation convoque \u00e0 la fois h\u00e9ritage familial, traditions culinaires et mythologies locales. Il revisite des figures l\u00e9gendaires sous forme de marmites, repr\u00e9sentant la Tarasque, l\u2019Ondine et l\u2019Orcolat. Ces cr\u00e9atures, issues de r\u00e9cits populaires, incarnent des forces telluriques, des m\u00e9tamorphoses et des mythes de protection ou de menace, r\u00e9activant ainsi une m\u00e9moire collective. <\/p>\n\n\n\n<p>Au c\u0153ur de ce travail, un livre de cuisine se construit, o\u00f9 chaque \u00e9l\u00e9ment devient le t\u00e9moin d\u2019un patrimoine culinaire, nourri par les histoires et les exp\u00e9rimentations de celles et ceux qui les perp\u00e9tuent. Durant l\u2019exposition, les visiteur\u00b7euse\u00b7s sont invit\u00e9\u00b7e\u00b7s \u00e0 siroter un breuvage et \u00e0 transmettre \u00e0 l\u2019\u00e9crit des anecdotes associ\u00e9es \u00e0 la cuisine. Par ce moment convivial, son installation rappelle la mani\u00e8re dont les savoirs se diffusent notamment par la parole, le partage d\u2019un repas ou la r\u00e9p\u00e9tition d\u2019un geste ancestral. En \u00e9change, l\u2019artiste donne l\u2019opportunit\u00e9 de composer un livret \u00e0 partir des recettes qu\u2019il met \u00e0 disposition. Chaque feuille mobile se distingue par le choix d\u2019une typographie propre et d\u2019une illustration provenant de ses archives iconographiques, conf\u00e9rant \u00e0 la recette une forme de personnification mystique. En ravivant ces modes de transmission \u00e0 la fois personnels et universels, Pierre Boggio interroge la mani\u00e8re dont la cuisine structure nos liens sociaux, forge notre rapport au territoire et cultive un langage commun. Gis\u00e8le Gonon explore la campagne dans ses r\u00e9alit\u00e9s agricoles et ses dimensions affectives. Son travail s\u2019articule \u00e0 partir de mat\u00e9riaux communs, enracin\u00e9 dans une narration intime de la ruralit\u00e9.<\/p>\n\n\n\n<p>Pour son installation \u00e0 KOMMET, Gis\u00e8le Gonon puise dans son histoire personnelle, \u00e9voquant une vie paysanne et des vies queer en milieu rural. Inspir\u00e9e par l\u2019h\u00e9ritage m\u00e9di\u00e9val de Montbrun-les-Bains, elle r\u00e9interpr\u00e8te l\u2019\u00e9tendard traditionnel, symbole de ralliement et d\u2019identit\u00e9 collective, pour y dresser les luttes de la communaut\u00e9 LGBTQIA+ sur une b\u00e2che de protection. Cette derni\u00e8re est orn\u00e9e de motifs de lavande, une plante \u00e0 la couleur violette embl\u00e9matique \u00e0 la fois de la Dr\u00f4me proven\u00e7ale et de la communaut\u00e9 queer. Gis\u00e8le Gonon y int\u00e8gre la cl\u00e9 de tirant, \u00e9l\u00e9ment servant \u00e0 consolider la structure d\u2019une b\u00e2tisse, qui devient ici m\u00e9taphore de r\u00e9sistances et des liens d\u2019une communaut\u00e9 \u00e0 pr\u00e9server. Ce motif se prolonge dans les fleurons, dont la conception s\u2019inspire \u00e9galement de l\u2019esth\u00e9tique de l\u2019Echinops ritro, fleur hermaphrodite commun\u00e9ment appel\u00e9e<br>\u00ab\u2009oursin bleu\u2009\u00bb que l\u2019on retrouve aux abords de la r\u00e9sidence. <\/p>\n\n\n\n<p>La bande sonore qui accompagne cet \u00e9tendard, donne voix \u00e0 celles et ceux qui projettent de nouvelles narrations \u00e0 la campagne, inscrivant ainsi ces t\u00e9moignages dans un paysage pouvant \u00eatre per\u00e7u comme inhospitalier. \u00c0 travers cette oeuvre, Gis\u00e8le Gonon affirme la possibilit\u00e9 d\u2019une identit\u00e9 queer en milieu rural, ouvrant un espace o\u00f9 iels peuvent s\u2019y \u00e9panouir.<\/p>\n\n\n\n<p>Julie Escoffier examine les propri\u00e9t\u00e9s des mat\u00e9riaux et leurs symboliques ancestrales. Dispos\u00e9e au sol, son installation interroge l\u2019action du temps sur la mati\u00e8re et la mani\u00e8re dont celle-ci est per\u00e7ue, manipul\u00e9e et activ\u00e9e. L\u2019oeuvre prend la forme d\u2019un foyer lumineux o\u00f9 des artefacts en colophane, une r\u00e9sine de pin translucide, sont reli\u00e9s \u00e0 un dispositif sonore. Sensible \u00e0 la chaleur, ce mat\u00e9riau fragile r\u00e9v\u00e8le ici une dimension tactile et vibratoire. Ses formes \u00e9voquent les \u00ab\u2009pierres de sorci\u00e8res\u2009\u00bb, des roches naturellement perfor\u00e9es par l\u2019\u00e9rosion de l\u2019eau, auxquelles on attribue des vertus protectrices. Des capteurs pi\u00e9zo\u00e9lectriques enregistrent les vibrations du mat\u00e9riau au contact des visiteur\u00b7euse\u00b7s, g\u00e9n\u00e9rant une partition sonore \u00e9volutive et impr\u00e9visible. L\u2019installation repose ainsi sur l\u2019interaction et l\u2019activation, proposant un rituel intuitif et silencieux. Cette exp\u00e9rience non verbale engage le corps et souligne notre rapport \u00e0 un monde vuln\u00e9rable, appelant \u00e0 une attention mesur\u00e9e et d\u00e9licate. <\/p>\n\n\n\n<p>En \u00e9cho aux recherches de l\u2019anthropologue britannique Tim Ingold, il r\u00e8gne une interd\u00e9pendance entre l\u2019organisme et son environnement. L\u2019\u0153uvre de Julie Escoffier illustre cette vision relationnelle du monde, o\u00f9 les \u00eatres et les mati\u00e8res ne sont jamais isol\u00e9s mais toujours pris dans un r\u00e9seau d\u2019influences et de transformations mutuelles.<\/p>\n\n\n\n<p>Pierre Boggio, Julie Escoffier et Gis\u00e8le Gonon interrogent des actes qui valorisent nos liens, prolongent les r\u00e9sistances et accompagnent les transformations en cours. Chacune de ces installations invite \u00e0 une exp\u00e9rience partag\u00e9e, o\u00f9 le geste \u2013 qu\u2019il soit culinaire, symbolique ou tactile \u2013 devient un outil de r\u00e9appropriation et de r\u00e9sonance collective. Dans un monde marqu\u00e9 par des tensions et des mutations profondes, ces artistes \u00e9bauchent des micro-territoires relationnels o\u00f9 les r\u00e9cits se construisent au fil des interactions. Ainsi, le geste du commun ne se limite pas \u00e0 une seule r\u00e9flexion sur la communaut\u00e9\u2009: il en active les m\u00e9canismes, r\u00e9affirmant l\u2019importance des liens qui nous relient aux autres, aux espaces et \u00e0 notre environnement.<\/p>\n\n\n\n<p class=\"has-text-align-right\"><strong>\u00c9milie d\u2019Ornano et Livia Tarsia in Curia<\/strong><\/p>\n\n\n\n<p>_<\/p>\n\n\n\n<p><strong>Biographies<\/strong><\/p>\n\n\n\n<p>Pierre Boggio vit et travaille \u00e0 Lyon.<br>Dipl\u00f4m\u00e9 d\u2019un DNSEP en design graphique \u00e0 l\u2019\u00c9cole Nationale Sup\u00e9rieure des Beaux-Arts de Lyon et du Post-dipl\u00f4me kaolin \u00e0 l\u2019\u00c9cole Nationale Sup\u00e9rieur d\u2019art de Limoges, son travail a notamment \u00e9t\u00e9 expos\u00e9 \u00e0 l\u2019Espace Les Barreaux (Paris), au Centre International d\u2019Art et du Paysage de Vassivi\u00e8re, La Bonbonni\u00e8re (Les Roches de Condrieu), \u00e0 l\u2019Attrape-couleurs (Lyon), ou encore en 2024 au project space WIRWIR pendant qu\u2019il effectue une r\u00e9sidence avec an\u00b7 other here (Berlin). En 2022, il cofonde P.B. City, un projet curatorial et artistique \u00e0 l\u2019origine d\u2019expositions \u00e0 l\u2019Atelier LaMezz (Pierre-B\u00e9nite) et dans plusieurs espaces lyonnais tels que Monop\u00f4le, La Factatory, le R\u00e9fectoire des Nonnes et la BF15.<\/p>\n\n\n\n<p>Julie Escoffier vit et travaille \u00e0 Lyon. Dipl\u00f4m\u00e9e d\u2019un DNSEP de l\u2019\u00c9cole Nationale Sup\u00e9rieure des Beaux-Arts de Lyon en 2013, elle compl\u00e8te sa formation au post-dipl\u00f4me de l\u2019E.N.P.E.G \u00ab\u2009La Esmeralda\u2009\u00bb \u00e0 Mexico. Son travail a \u00e9t\u00e9 pr\u00e9sent\u00e9 en France et \u00e0 l\u2019international, notamment \u00e0 Festival Mouvement d\u2019art (La Teste-de-Buche), \u00e0 Kashagan (Lyon), \u00e0 Untitled Art (Miami), \u00e0 ALMANAQUE fotogr\u00e1fica (Mexico), \u00e0 Efrain Lopez Gallery (Chicago) et \u00e0 la Galerie Les Territoires (Montr\u00e9al). Parall\u00e8lement, elle prend part \u00e0 plusieurs r\u00e9sidences artistiques, dont CASA WABI (Puerto Escondido, Oax.) en 2017, Le Centre International d\u2019Art et du Paysage de l\u2019\u00eele de Vassivi\u00e8re (Beaumont-du-Lac) en 2021 et an\u00b7 other here (Berlin) en 2024.<\/p>\n\n\n\n<p>Gis\u00e8le Gonon vit et travaille \u00e0 Berlin. Dipl\u00f4m\u00e9e d\u2019un DNSEP de l\u2019\u00c9cole Sup\u00e9rieure d\u2019Art et Design de Saint-\u00c9tienne en 2005, elle int\u00e8gre en 2018 le programme de formation postuniversitaire Goldrausch \u00e0 Berlin. Son travail a \u00e9t\u00e9 pr\u00e9sent\u00e9 dans divers mus\u00e9es et lieux d\u2019exposition \u00e0 travers l\u2019Europe, notamment au KINDL (Berlin), \u00e0 l\u2019EKKM Contemporary Art Museum (Tallinn), \u00e0 la Bundeskunsthalle (Bonn), \u00e0 gr_und (Berlin), \u00e0 la Leipziger Baumwollspinnerei (Leipzig) et lors du Week-end de l\u2019art contemporain (Bordeaux). Elle participe \u00e0 plusieurs r\u00e9sidences artistiques, parmi lesquelles La Factatory (Lyon) et Tallinn Art Hall (Tallinn) en 2021 et \u00e9galement avec an\u00b7 other here (Montbrun-les-Bains) en 2024.<\/p>\n\n\n\n<figure class=\"wp-block-image size-large is-resized\"><img loading=\"lazy\" src=\"https:\/\/kommet.fr\/wp-content\/uploads\/2025\/04\/9-le-geste-du-commun-KOMMET-Lyon-FR-\u00a9Lucas-Zambon-1024x683.jpg\" alt=\"\" class=\"wp-image-2168\" width=\"700\" height=\"449\"\/><figcaption>Pierre Boggio<br>Vue d&#8217;installation, 2025<br>Conception et r\u00e9alisation table : Margaux Auria<br>Cr\u00e9dits : Lucas Zambon<\/figcaption><\/figure>\n\n\n\n<figure class=\"wp-block-image size-large is-resized\"><img src=\"https:\/\/kommet.fr\/wp-content\/uploads\/2025\/04\/13-le-geste-du-commun-KOMMET-Lyon-FR-\u00a9Lucas-Zambon-1024x683.jpg\" alt=\"\" class=\"wp-image-2169\" width=\"700\" srcset=\"https:\/\/kommet.fr\/wp-content\/uploads\/2025\/04\/13-le-geste-du-commun-KOMMET-Lyon-FR-\u00a9Lucas-Zambon-1024x683.jpg 1024w, https:\/\/kommet.fr\/wp-content\/uploads\/2025\/04\/13-le-geste-du-commun-KOMMET-Lyon-FR-\u00a9Lucas-Zambon-300x200.jpg 300w, https:\/\/kommet.fr\/wp-content\/uploads\/2025\/04\/13-le-geste-du-commun-KOMMET-Lyon-FR-\u00a9Lucas-Zambon-768x512.jpg 768w, https:\/\/kommet.fr\/wp-content\/uploads\/2025\/04\/13-le-geste-du-commun-KOMMET-Lyon-FR-\u00a9Lucas-Zambon-1536x1024.jpg 1536w, https:\/\/kommet.fr\/wp-content\/uploads\/2025\/04\/13-le-geste-du-commun-KOMMET-Lyon-FR-\u00a9Lucas-Zambon.jpg 2048w\" sizes=\"(max-width: 706px) 89vw, (max-width: 767px) 82vw, 740px\" \/><figcaption>Pierre Boggio<br>Lune &amp; Ouroboros, 2025<br>Gr\u00e8s blanc, engobe, \u00e9mail, lustre<br>28 \u00d7 28 \u00d7 15 cm<br>Cr\u00e9dits : Lucas Zambon<\/figcaption><\/figure>\n\n\n\n<figure class=\"wp-block-image size-large is-resized\"><img src=\"https:\/\/kommet.fr\/wp-content\/uploads\/2025\/04\/14-le-geste-du-commun-KOMMET-Lyon-FR-\u00a9Lucas-Zambon-1024x683.jpg\" alt=\"\" class=\"wp-image-2170\" width=\"700\" srcset=\"https:\/\/kommet.fr\/wp-content\/uploads\/2025\/04\/14-le-geste-du-commun-KOMMET-Lyon-FR-\u00a9Lucas-Zambon-1024x683.jpg 1024w, https:\/\/kommet.fr\/wp-content\/uploads\/2025\/04\/14-le-geste-du-commun-KOMMET-Lyon-FR-\u00a9Lucas-Zambon-300x200.jpg 300w, https:\/\/kommet.fr\/wp-content\/uploads\/2025\/04\/14-le-geste-du-commun-KOMMET-Lyon-FR-\u00a9Lucas-Zambon-768x512.jpg 768w, https:\/\/kommet.fr\/wp-content\/uploads\/2025\/04\/14-le-geste-du-commun-KOMMET-Lyon-FR-\u00a9Lucas-Zambon-1536x1024.jpg 1536w, https:\/\/kommet.fr\/wp-content\/uploads\/2025\/04\/14-le-geste-du-commun-KOMMET-Lyon-FR-\u00a9Lucas-Zambon.jpg 2048w\" sizes=\"(max-width: 706px) 89vw, (max-width: 767px) 82vw, 740px\" \/><figcaption>Pierre Boggio<br>Cr\u00e9dits : Lucas Zambon<\/figcaption><\/figure>\n\n\n\n<figure class=\"wp-block-image size-large is-resized\"><img src=\"https:\/\/kommet.fr\/wp-content\/uploads\/2025\/04\/1-le-geste-du-commun-KOMMET-Lyon-FR-\u00a9Lucas-Zambon-1024x683.jpg\" alt=\"\" class=\"wp-image-2171\" width=\"700\" srcset=\"https:\/\/kommet.fr\/wp-content\/uploads\/2025\/04\/1-le-geste-du-commun-KOMMET-Lyon-FR-\u00a9Lucas-Zambon-1024x683.jpg 1024w, https:\/\/kommet.fr\/wp-content\/uploads\/2025\/04\/1-le-geste-du-commun-KOMMET-Lyon-FR-\u00a9Lucas-Zambon-300x200.jpg 300w, https:\/\/kommet.fr\/wp-content\/uploads\/2025\/04\/1-le-geste-du-commun-KOMMET-Lyon-FR-\u00a9Lucas-Zambon-768x512.jpg 768w, https:\/\/kommet.fr\/wp-content\/uploads\/2025\/04\/1-le-geste-du-commun-KOMMET-Lyon-FR-\u00a9Lucas-Zambon-1536x1024.jpg 1536w, https:\/\/kommet.fr\/wp-content\/uploads\/2025\/04\/1-le-geste-du-commun-KOMMET-Lyon-FR-\u00a9Lucas-Zambon.jpg 2048w\" sizes=\"(max-width: 706px) 89vw, (max-width: 767px) 82vw, 740px\" \/><figcaption>Gis\u00e8le Gonon<br>Dissidences des Champs, 2025<br>Installation\u2009: B\u00e2che de protection argent\u00e9e et noire brod\u00e9e \u00e0 la machine \u00e0 coudre m\u00e9canique et cousue \u00e0 la main, fils de couleur rose, jaune, violet et noir<br>Tubes en acier grav\u00e9s \u00e0 la main s\u2019inspirant de la fonte Robert\u00b7e d\u2019Eug\u00e9nie Bidaut de la collective de cr\u00e9ation typo\u00b7graphique Bye Bye Binary.<br>Sculptures en fer forg\u00e9 patin\u00e9es \u00e0 la cire d\u2019abeille, r\u00e9alis\u00e9es en collaboration avec Lucas Poutout.<br>240 \u00d7 200 \u00d7 260 cm<br><br>Son\u2009: Texte en fran\u00e7ais, boucle audio 06\u201904\u2019\u2019<br>Performeuses\u2009: Colette Angeli, Nico Maria Moscatelli, Gis\u00e8le Gonon. Avec la contribution des personnes de la communaut\u00e9 LGBTQIA+ qui ont particip\u00e9 aux \u00e9v\u00e8nements \u00ab Caf\u00e9-G\u00e2teau Queer \u00bb pendant le temps de r\u00e9sidence artistique dans la Dr\u00f4me proven\u00e7ale \u00e0 l\u2019automne 2024.<br>Ce texte prend ces racines de ces ateliers d\u2019\u00e9criture et de lecture collective ainsi que du point de vue situ\u00e9 de l\u2019artiste en tant que lesbienne queer.<br>Mixage son\u2009: \u1f48\u03c1\u03c6\u03b5\u03cd\u03c2<\/figcaption><\/figure>\n\n\n\n<figure class=\"wp-block-image size-large is-resized\"><img src=\"https:\/\/kommet.fr\/wp-content\/uploads\/2025\/04\/2-le-geste-du-commun-KOMMET-Lyon-FR-\u00a9Lucas-Zambon-1024x683.jpg\" alt=\"\" class=\"wp-image-2172\" width=\"700\" srcset=\"https:\/\/kommet.fr\/wp-content\/uploads\/2025\/04\/2-le-geste-du-commun-KOMMET-Lyon-FR-\u00a9Lucas-Zambon-1024x683.jpg 1024w, https:\/\/kommet.fr\/wp-content\/uploads\/2025\/04\/2-le-geste-du-commun-KOMMET-Lyon-FR-\u00a9Lucas-Zambon-300x200.jpg 300w, https:\/\/kommet.fr\/wp-content\/uploads\/2025\/04\/2-le-geste-du-commun-KOMMET-Lyon-FR-\u00a9Lucas-Zambon-768x512.jpg 768w, https:\/\/kommet.fr\/wp-content\/uploads\/2025\/04\/2-le-geste-du-commun-KOMMET-Lyon-FR-\u00a9Lucas-Zambon-1536x1024.jpg 1536w, https:\/\/kommet.fr\/wp-content\/uploads\/2025\/04\/2-le-geste-du-commun-KOMMET-Lyon-FR-\u00a9Lucas-Zambon.jpg 2048w\" sizes=\"(max-width: 706px) 89vw, (max-width: 767px) 82vw, 740px\" \/><figcaption>D\u00e9tail de l\u2019\u0153uvre de Gis\u00e8le Gonon \u00ab\u00a0Dissidence des Champs\u00a0\u00bb, 2025.<br>Sculpture en fer forg\u00e9e patin\u00e9e \u00e0 la cire d\u2019abeille, r\u00e9alis\u00e9e en collaboration avec Lucas Poutout. <br>Cr\u00e9dits photos : Lucas Zambon<\/figcaption><\/figure>\n\n\n\n<figure class=\"wp-block-image size-large is-resized\"><img src=\"https:\/\/kommet.fr\/wp-content\/uploads\/2025\/04\/3-le-geste-du-commun-KOMMET-Lyon-FR-\u00a9Lucas-Zambon-1024x683.jpg\" alt=\"\" class=\"wp-image-2174\" width=\"700\" srcset=\"https:\/\/kommet.fr\/wp-content\/uploads\/2025\/04\/3-le-geste-du-commun-KOMMET-Lyon-FR-\u00a9Lucas-Zambon-1024x683.jpg 1024w, https:\/\/kommet.fr\/wp-content\/uploads\/2025\/04\/3-le-geste-du-commun-KOMMET-Lyon-FR-\u00a9Lucas-Zambon-300x200.jpg 300w, https:\/\/kommet.fr\/wp-content\/uploads\/2025\/04\/3-le-geste-du-commun-KOMMET-Lyon-FR-\u00a9Lucas-Zambon-768x512.jpg 768w, https:\/\/kommet.fr\/wp-content\/uploads\/2025\/04\/3-le-geste-du-commun-KOMMET-Lyon-FR-\u00a9Lucas-Zambon-1536x1024.jpg 1536w, https:\/\/kommet.fr\/wp-content\/uploads\/2025\/04\/3-le-geste-du-commun-KOMMET-Lyon-FR-\u00a9Lucas-Zambon.jpg 2048w\" sizes=\"(max-width: 706px) 89vw, (max-width: 767px) 82vw, 740px\" \/><figcaption>D\u00e9tail de l\u2019\u0153uvre de Gis\u00e8le Gonon \u00ab\u00a0Dissidence des Champs\u00a0\u00bb, 2025.<br>Sculpture en fer forg\u00e9e patin\u00e9e \u00e0 la cire d\u2019abeille, r\u00e9alis\u00e9e en collaboration avec Lucas Poutout. <br>Cr\u00e9dits photos : Lucas Zambon<\/figcaption><\/figure>\n\n\n\n<figure class=\"wp-block-image size-large is-resized\"><img src=\"https:\/\/kommet.fr\/wp-content\/uploads\/2025\/04\/12-le-geste-du-commun-KOMMET-Lyon-FR-\u00a9Lucas-Zambon-1024x683.jpg\" alt=\"\" class=\"wp-image-2175\" width=\"700\" srcset=\"https:\/\/kommet.fr\/wp-content\/uploads\/2025\/04\/12-le-geste-du-commun-KOMMET-Lyon-FR-\u00a9Lucas-Zambon-1024x683.jpg 1024w, https:\/\/kommet.fr\/wp-content\/uploads\/2025\/04\/12-le-geste-du-commun-KOMMET-Lyon-FR-\u00a9Lucas-Zambon-300x200.jpg 300w, https:\/\/kommet.fr\/wp-content\/uploads\/2025\/04\/12-le-geste-du-commun-KOMMET-Lyon-FR-\u00a9Lucas-Zambon-768x512.jpg 768w, https:\/\/kommet.fr\/wp-content\/uploads\/2025\/04\/12-le-geste-du-commun-KOMMET-Lyon-FR-\u00a9Lucas-Zambon-1536x1024.jpg 1536w, https:\/\/kommet.fr\/wp-content\/uploads\/2025\/04\/12-le-geste-du-commun-KOMMET-Lyon-FR-\u00a9Lucas-Zambon.jpg 2048w\" sizes=\"(max-width: 706px) 89vw, (max-width: 767px) 82vw, 740px\" \/><figcaption>D\u00e9tail de l\u2019\u0153uvre de Julie Escoffier \u00ab\u00a0enti\u00e8res m\u00eame bris\u00e9es, elles sont le feu et l\u2019eau dans la m\u00eame transparence immortelle\u00a0\u00bb, 2025.<br>Cr\u00e9dits : Lucas Zambon<\/figcaption><\/figure>\n\n\n\n<figure class=\"wp-block-image\"><img alt=\"\"\/><\/figure>\n\n\n\n<figure class=\"wp-block-image size-large is-resized\"><img src=\"https:\/\/kommet.fr\/wp-content\/uploads\/2025\/04\/5-le-geste-du-commun-KOMMET-Lyon-FR-\u00a9Lucas-Zambon-1024x683.jpg\" alt=\"\" class=\"wp-image-2176\" width=\"700\" srcset=\"https:\/\/kommet.fr\/wp-content\/uploads\/2025\/04\/5-le-geste-du-commun-KOMMET-Lyon-FR-\u00a9Lucas-Zambon-1024x683.jpg 1024w, https:\/\/kommet.fr\/wp-content\/uploads\/2025\/04\/5-le-geste-du-commun-KOMMET-Lyon-FR-\u00a9Lucas-Zambon-300x200.jpg 300w, https:\/\/kommet.fr\/wp-content\/uploads\/2025\/04\/5-le-geste-du-commun-KOMMET-Lyon-FR-\u00a9Lucas-Zambon-768x512.jpg 768w, https:\/\/kommet.fr\/wp-content\/uploads\/2025\/04\/5-le-geste-du-commun-KOMMET-Lyon-FR-\u00a9Lucas-Zambon-1536x1024.jpg 1536w, https:\/\/kommet.fr\/wp-content\/uploads\/2025\/04\/5-le-geste-du-commun-KOMMET-Lyon-FR-\u00a9Lucas-Zambon.jpg 2048w\" sizes=\"(max-width: 706px) 89vw, (max-width: 767px) 82vw, 740px\" \/><figcaption>D\u00e9tail de l\u2019\u0153uvre de Julie Escoffier \u00ab\u00a0enti\u00e8res m\u00eame bris\u00e9es, elles sont le feu et l\u2019eau dans la m\u00eame transparence immortelle\u00a0\u00bb, 2025.<br>Cr\u00e9dits : Lucas Zambon<\/figcaption><\/figure>\n\n\n\n<figure class=\"wp-block-image size-large is-resized\"><img src=\"https:\/\/kommet.fr\/wp-content\/uploads\/2025\/04\/expo_kommet_\u00a9lucas_zambon-2760-1024x683.jpg\" alt=\"\" class=\"wp-image-2177\" width=\"700\" srcset=\"https:\/\/kommet.fr\/wp-content\/uploads\/2025\/04\/expo_kommet_\u00a9lucas_zambon-2760-1024x683.jpg 1024w, https:\/\/kommet.fr\/wp-content\/uploads\/2025\/04\/expo_kommet_\u00a9lucas_zambon-2760-300x200.jpg 300w, https:\/\/kommet.fr\/wp-content\/uploads\/2025\/04\/expo_kommet_\u00a9lucas_zambon-2760-768x512.jpg 768w, https:\/\/kommet.fr\/wp-content\/uploads\/2025\/04\/expo_kommet_\u00a9lucas_zambon-2760-1536x1024.jpg 1536w, https:\/\/kommet.fr\/wp-content\/uploads\/2025\/04\/expo_kommet_\u00a9lucas_zambon-2760-2048x1365.jpg 2048w\" sizes=\"(max-width: 706px) 89vw, (max-width: 767px) 82vw, 740px\" \/><figcaption>D\u00e9tail de l\u2019\u0153uvre de Julie Escoffier \u00ab\u00a0enti\u00e8res m\u00eame bris\u00e9es, elles sont le feu et l\u2019eau dans la m\u00eame transparence immortelle\u00a0\u00bb, 2025.<br>Cr\u00e9dits : Lucas Zambon<\/figcaption><\/figure>\n\n\n<div class=\"wp-block-image\">\n<figure class=\"aligncenter is-resized\"><img loading=\"lazy\" src=\"https:\/\/kommet.fr\/wp-content\/uploads\/2025\/02\/logos-newsletter-et-site.jpg\" alt=\"\" class=\"wp-image-2084\" width=\"506\" height=\"89\" srcset=\"https:\/\/kommet.fr\/wp-content\/uploads\/2025\/02\/logos-newsletter-et-site.jpg 1012w, https:\/\/kommet.fr\/wp-content\/uploads\/2025\/02\/logos-newsletter-et-site-300x53.jpg 300w, https:\/\/kommet.fr\/wp-content\/uploads\/2025\/02\/logos-newsletter-et-site-768x135.jpg 768w\" sizes=\"(max-width: 506px) 100vw, 506px\" \/><\/figure><\/div>","protected":false},"excerpt":{"rendered":"<p>Cette exposition est soutenue dans le cadre du fonds PERSPEKTIVE pour l\u2019art contemporain &amp; l\u2019architecture, une initiative du Bureau des arts visuels de l\u2019Institut fran\u00e7ais d\u2019Allemagne. Soutenu par le minist\u00e8re de la Culture, l\u2019Institut fran\u00e7ais de Pariset le Goethe Institut. le geste du commun Pour leur seconde collaboration, le centre d\u2019art KOMMET et la r\u00e9sidence &hellip; <\/p>\n<p class=\"link-more\"><a href=\"https:\/\/kommet.fr\/index.php\/2025\/04\/21\/exposition-collective-le-geste-du-commun\/\" class=\"more-link\">Continuer la lecture<span class=\"screen-reader-text\"> de &laquo;&nbsp;Exposition collective &#8211; le geste du commun&nbsp;&raquo;<\/span><\/a><\/p>\n","protected":false},"author":2,"featured_media":2166,"comment_status":"closed","ping_status":"open","sticky":false,"template":"","format":"standard","meta":[],"categories":[5],"tags":[],"_links":{"self":[{"href":"https:\/\/kommet.fr\/index.php\/wp-json\/wp\/v2\/posts\/2165"}],"collection":[{"href":"https:\/\/kommet.fr\/index.php\/wp-json\/wp\/v2\/posts"}],"about":[{"href":"https:\/\/kommet.fr\/index.php\/wp-json\/wp\/v2\/types\/post"}],"author":[{"embeddable":true,"href":"https:\/\/kommet.fr\/index.php\/wp-json\/wp\/v2\/users\/2"}],"replies":[{"embeddable":true,"href":"https:\/\/kommet.fr\/index.php\/wp-json\/wp\/v2\/comments?post=2165"}],"version-history":[{"count":8,"href":"https:\/\/kommet.fr\/index.php\/wp-json\/wp\/v2\/posts\/2165\/revisions"}],"predecessor-version":[{"id":2187,"href":"https:\/\/kommet.fr\/index.php\/wp-json\/wp\/v2\/posts\/2165\/revisions\/2187"}],"wp:featuredmedia":[{"embeddable":true,"href":"https:\/\/kommet.fr\/index.php\/wp-json\/wp\/v2\/media\/2166"}],"wp:attachment":[{"href":"https:\/\/kommet.fr\/index.php\/wp-json\/wp\/v2\/media?parent=2165"}],"wp:term":[{"taxonomy":"category","embeddable":true,"href":"https:\/\/kommet.fr\/index.php\/wp-json\/wp\/v2\/categories?post=2165"},{"taxonomy":"post_tag","embeddable":true,"href":"https:\/\/kommet.fr\/index.php\/wp-json\/wp\/v2\/tags?post=2165"}],"curies":[{"name":"wp","href":"https:\/\/api.w.org\/{rel}","templated":true}]}}