{"id":1855,"date":"2024-02-17T15:36:32","date_gmt":"2024-02-17T14:36:32","guid":{"rendered":"https:\/\/kommet.fr\/?p=1855"},"modified":"2024-02-17T15:43:25","modified_gmt":"2024-02-17T14:43:25","slug":"jean-francois-krebs-trans-anethol","status":"publish","type":"post","link":"https:\/\/kommet.fr\/index.php\/2024\/02\/17\/jean-francois-krebs-trans-anethol\/","title":{"rendered":"Jean-Fran\u00e7ois Krebs &#8211; TRANS*-AN\u00c9THOL"},"content":{"rendered":"\n<figure class=\"wp-block-embed is-type-video is-provider-youtube wp-block-embed-youtube wp-embed-aspect-16-9 wp-has-aspect-ratio\"><div class=\"wp-block-embed__wrapper\">\n<iframe loading=\"lazy\" title=\"Exposition TRANS*-AN\u00c9THOL de Jean-Fran\u00e7ois Krebs - KOMMET\" width=\"525\" height=\"295\" src=\"https:\/\/www.youtube.com\/embed\/8EePrLmwYj8?feature=oembed\" frameborder=\"0\" allow=\"accelerometer; autoplay; clipboard-write; encrypted-media; gyroscope; picture-in-picture; web-share\" allowfullscreen><\/iframe>\n<\/div><figcaption>Portrait film\u00e9 r\u00e9alis\u00e9 par <a rel=\"noreferrer noopener\" href=\"https:\/\/lsnfilms.com\/\" data-type=\"URL\" data-id=\"https:\/\/lsnfilms.com\/\" target=\"_blank\">Lam Son Nguyen &#8211; Lsnfilms<\/a><\/figcaption><\/figure>\n\n\n\n<p class=\"has-text-color\" style=\"color:#036504\"><strong>TRANS*-AN\u00c9THOL<\/strong><\/p>\n\n\n\n<p>Lors de recherches effectu\u00e9es sur Internet, l\u2019utilisation de l\u2019ast\u00e9risque \u00e9largit la requ\u00eate en incluant des termes connexes et en laissant place \u00e0 une exploration plus \u00e9tendue. Comme un clin d\u2019\u0153il, l\u2019ast\u00e9risque d\u00e9ploie sa pr\u00e9sence de mani\u00e8re double : non seulement dans le titre Trans*-an\u00e9thol, mais \u00e9galement \u00e0 travers la manifestation tangible de ces anis \u00e9toil\u00e9s dans l\u2019espace d\u2019exposition. Le trans-an\u00e9thol est un compos\u00e9 chimique aromatique qui conf\u00e8re \u00e0 l\u2019anis \u00e9toil\u00e9 son ar\u00f4me et son odeur caract\u00e9ristique. Il est \u00e9galement pr\u00e9sent dans d\u2019autres plantes comme l\u2019aneth et le fenouil. Cette mol\u00e9cule a des propri\u00e9t\u00e9s int\u00e9ressantes qui lui permettent d\u2019\u00eatre utilis\u00e9e en parfumerie, en cuisine, en m\u00e9decine traditionnelle et m\u00eame dans certains proc\u00e9d\u00e9s photographiques.<\/p>\n\n\n\n<p>\u00c0 travers une exp\u00e9rience visuelle, olfactive et sonore, Jean-Fran\u00e7ois Krebs engage une r\u00e9flexion sur la possibilit\u00e9 d\u2019une fusion entre l\u2019humain et le r\u00e8gne v\u00e9g\u00e9tal. L\u2019artiste transcende les d\u00e9finitions rigides, ouvrant ainsi un espace o\u00f9 l\u2019on envisage les potentialit\u00e9s d\u2019un avenir fluide, impr\u00e9gn\u00e9 de liquidit\u00e9. Les \u0153uvres en verre, pr\u00e9sentes \u00e0 KOMMET, concr\u00e9tisent la capacit\u00e9 fascinante de ce mat\u00e9riau \u00e0 couler et \u00e0 se d\u00e9placer librement, une particularit\u00e9 qui reste palpable m\u00eame dans son \u00e9tat solide. Cette exposition offre une opportunit\u00e9 de remettre en question les certitudes mais aussi d\u2019explorer la beaut\u00e9 des m\u00e9tamorphoses et de l\u2019hybridit\u00e9.<\/p>\n\n\n\n<p>Jean-Fran\u00e7ois Krebs cr\u00e9e un dialogue subtil entre les \u0153uvres, invitant les spectateur\u2022ice\u2022s \u00e0 explorer de multiples strates de signification. Les pi\u00e8ces en verre \u00e9tablissent des correspondances visuelles avec les nombreuses vitrines caract\u00e9ristiques du lieu, permettant \u00e0 la lumi\u00e8re naturelle de p\u00e9n\u00e9trer l\u2019espace. Les rayons qui embrassent certaines des \u0153uvres les transforment, r\u00e9v\u00e9lant ainsi de nouvelles dimensions et nuances.<\/p>\n\n\n\n<p>Les pi\u00e8ces en verre, dispos\u00e9es au sol, sugg\u00e8rent par moments des formes \u00e9nigmatiques, m\u00ealant des \u00e9l\u00e9ments abstraits \u00e0 des fragments, \u00e9voquant \u00e0 la fois des corps humains, des formes animales ou d\u2019autres choses encore. Par exemple, certaines pourraient \u00e9voquer la Diane d\u2019\u00c9ph\u00e8se, sculpture repr\u00e9sentant Art\u00e9mis, divinit\u00e9 grecque v\u00e9n\u00e9r\u00e9e \u00e0 travers diff\u00e9rentes cultures et \u00e9poques, qui incarne la f\u00e9condit\u00e9 et la puissance de la nature.<\/p>\n\n\n\n<p>\u00c0 KOMMET, une myst\u00e9rieuse voix chante le nom de plantes et de mol\u00e9cules en latin, laissant planer le doute quant \u00e0 savoir s\u2019il s\u2019agit de formules magiques ou non. Les substances r\u00e9cit\u00e9es ont \u00e9t\u00e9 choisies car elles peuvent exercer une influence simultan\u00e9e sur le corps et la conscience, ouvrant la voie \u00e0 des transformations aussi bien physiques que mentales. Leurs propri\u00e9t\u00e9s peuvent \u00eatre m\u00e9dicinales, psych\u00e9d\u00e9liques, voire mortelles. Dans cet espace de libert\u00e9 immense, la marginalit\u00e9 des plantes devient le terreau fertile des grandes m\u00e9tamorphoses, o\u00f9 les corps humains et v\u00e9g\u00e9taux fusionnent.<\/p>\n\n\n\n<p>La <em>Lame dynamique ascendante <\/em>est une exploration symbolique et esth\u00e9tique li\u00e9e \u00e0 l\u2019hybridit\u00e9. La lumi\u00e8re fluorescente \u00e9manant de l\u2019aile en verre \u00e0 l\u2019uranium transcende le spectre traditionnel. Le mat\u00e9riau, impr\u00e9gn\u00e9 d\u2019oxyde d\u2019uranium, conf\u00e8re \u00e0 la pi\u00e8ce des propri\u00e9t\u00e9s luminescentes uniques, teintant le verre d\u2019une lueur verte. Pouvant \u00eatre interpr\u00e9t\u00e9e comme la jeune pousse d\u2019une plante ou comme l\u2019aile d\u00e9licate d\u2019un animal ou d\u2019un ange, cette \u0153uvre semble \u00eatre en pleine m\u00e9tamorphose.<\/p>\n\n\n\n<p>Jean-Fran\u00e7ois Krebs s\u2019int\u00e9resse aux processus biologiques, comme la capacit\u00e9 de r\u00e9g\u00e9n\u00e9ration des v\u00e9g\u00e9taux. Lorsqu\u2019une plante est coup\u00e9e et replant\u00e9e, elle poursuit son cycle de croissance, t\u00e9moignant d\u2019une vitalit\u00e9 persistante et de connexions organiques. La magie op\u00e8re lorsque le v\u00e9g\u00e9tal, d\u00e9racin\u00e9, retrouve la terre. Dans cet acte de coupe et de replantation, l\u2019\u00eatre se transforme en une manifestation de r\u00e9silience et d\u2019adaptabilit\u00e9. Il puise dans ses ressources internes, tirant profit des liens souterrains qui relient ses racines \u00e0 un r\u00e9seau invisible.<\/p>\n\n\n\n<p>\u00c0 KOMMET, Jean-Fran\u00e7ois Krebs nous invite \u00e0 repenser notre relation \u00e0 notre environnement et \u00e0 embrasser une perspective o\u00f9 la fluidit\u00e9 et la transformation deviennent des \u00e9l\u00e9ments centraux. L\u2019artiste sugg\u00e8re une vie diff\u00e9rente, o\u00f9 l\u2019humain explore un transhumanisme v\u00e9g\u00e9tal et propose une voie vers un avenir o\u00f9 la fluidit\u00e9, la transformation constante, et une symbiose profonde avec la nature, fa\u00e7onnent une exp\u00e9rience de vie alternative.<\/p>\n\n\n\n<p class=\"has-text-align-right\"><strong>\u00c9milie d\u2019Ornano<\/strong><\/p>\n\n\n\n<p><strong>En collaboration avec la Factatory (Lyon)<\/strong><\/p>\n\n\n\n<p>_<\/p>\n\n\n\n<p><strong>Jean-Fran\u00e7ois Krebs<\/strong> vit et travaille \u00e0 Londres. Iel a \u00e9tudi\u00e9 l\u2019horticulture \u00e0 l\u2019\u00c9cole du Breuil, l\u2019architecture du paysage \u00e0 Edinburgh College of Art et \u00e0 l\u2019\u00c9cole Nationale Sup\u00e9rieure du Paysage de Versailles et l\u2019art \u00e0 Goldsmiths University of London ainsi qu\u2019au Maumaus \u00e0 Lisbonne.<\/p>\n\n\n\n<p>Jean-Fran\u00e7ois Krebs a notamment expos\u00e9 lors de la 8\u00e8me Biennale internationale d\u2019Art Contemporain de Melle (2018), \u00e0 la Triennale Art et Industrie de Dunkerque (2023-2024), \u00e0 la galerie Sherbet Green \u00e0 Londres (2023), \u00e0 Ugly Duck \u00e0 Londres (2022) ou encore \u00e0 la Galerie Municipale Jean-Collet \u00e0 Vitry-sur-Seine (2022). Iel a b\u00e9n\u00e9fici\u00e9 d&#8217;une r\u00e9sidence \u00e0 la fondation Martell ax\u00e9e sur le travail du verre en 2021. En 2023, iel est l\u2019un des laur\u00e9ats du Fluxus Art Project. Plus r\u00e9cemment, Jean-Fran\u00e7ois a achev\u00e9 une r\u00e9sidence \u00e0 la Factatory (Lyon) dans le cadre de la pr\u00e9paration de sa prochaine exposition \u00e0 KOMMET.<\/p>\n\n\n\n<figure class=\"wp-block-image size-large is-resized\"><img src=\"https:\/\/kommet.fr\/wp-content\/uploads\/2024\/02\/4-kommet\u00a9-Jean-Franc\u0327ois-Krebs-Lucas-Zambon-1024x683.jpg\" alt=\"\" class=\"wp-image-1858\" width=\"700\" srcset=\"https:\/\/kommet.fr\/wp-content\/uploads\/2024\/02\/4-kommet\u00a9-Jean-Franc\u0327ois-Krebs-Lucas-Zambon-1024x683.jpg 1024w, https:\/\/kommet.fr\/wp-content\/uploads\/2024\/02\/4-kommet\u00a9-Jean-Franc\u0327ois-Krebs-Lucas-Zambon-300x200.jpg 300w, https:\/\/kommet.fr\/wp-content\/uploads\/2024\/02\/4-kommet\u00a9-Jean-Franc\u0327ois-Krebs-Lucas-Zambon-768x512.jpg 768w, https:\/\/kommet.fr\/wp-content\/uploads\/2024\/02\/4-kommet\u00a9-Jean-Franc\u0327ois-Krebs-Lucas-Zambon-1536x1024.jpg 1536w, https:\/\/kommet.fr\/wp-content\/uploads\/2024\/02\/4-kommet\u00a9-Jean-Franc\u0327ois-Krebs-Lucas-Zambon.jpg 2048w\" sizes=\"(max-width: 706px) 89vw, (max-width: 767px) 82vw, 740px\" \/><figcaption>Vue d&#8217;exposition du solo show de Jean-Fran\u00e7ois Krebs. Cr\u00e9dit photo : Lucas Zambon<\/figcaption><\/figure>\n\n\n\n<figure class=\"wp-block-image size-large is-resized\"><img src=\"https:\/\/kommet.fr\/wp-content\/uploads\/2024\/02\/5-kommet\u00a9-Jean-Franc\u0327ois-Krebs-Lucas-Zambon-1024x683.jpg\" alt=\"\" class=\"wp-image-1859\" width=\"700\" srcset=\"https:\/\/kommet.fr\/wp-content\/uploads\/2024\/02\/5-kommet\u00a9-Jean-Franc\u0327ois-Krebs-Lucas-Zambon-1024x683.jpg 1024w, https:\/\/kommet.fr\/wp-content\/uploads\/2024\/02\/5-kommet\u00a9-Jean-Franc\u0327ois-Krebs-Lucas-Zambon-300x200.jpg 300w, https:\/\/kommet.fr\/wp-content\/uploads\/2024\/02\/5-kommet\u00a9-Jean-Franc\u0327ois-Krebs-Lucas-Zambon-768x512.jpg 768w, https:\/\/kommet.fr\/wp-content\/uploads\/2024\/02\/5-kommet\u00a9-Jean-Franc\u0327ois-Krebs-Lucas-Zambon-1536x1024.jpg 1536w, https:\/\/kommet.fr\/wp-content\/uploads\/2024\/02\/5-kommet\u00a9-Jean-Franc\u0327ois-Krebs-Lucas-Zambon.jpg 2048w\" sizes=\"(max-width: 706px) 89vw, (max-width: 767px) 82vw, 740px\" \/><figcaption>Vue d&#8217;exposition du solo show de Jean-Fran\u00e7ois Krebs. Cr\u00e9dit photo : Lucas Zambon<\/figcaption><\/figure>\n\n\n\n<figure class=\"wp-block-image size-large is-resized\"><img src=\"https:\/\/kommet.fr\/wp-content\/uploads\/2024\/02\/13-kommet\u00a9-Jean-Franc\u0327ois-Krebs-Lucas-Zambon-1024x683.jpg\" alt=\"\" class=\"wp-image-1860\" width=\"700\" srcset=\"https:\/\/kommet.fr\/wp-content\/uploads\/2024\/02\/13-kommet\u00a9-Jean-Franc\u0327ois-Krebs-Lucas-Zambon-1024x683.jpg 1024w, https:\/\/kommet.fr\/wp-content\/uploads\/2024\/02\/13-kommet\u00a9-Jean-Franc\u0327ois-Krebs-Lucas-Zambon-300x200.jpg 300w, https:\/\/kommet.fr\/wp-content\/uploads\/2024\/02\/13-kommet\u00a9-Jean-Franc\u0327ois-Krebs-Lucas-Zambon-768x512.jpg 768w, https:\/\/kommet.fr\/wp-content\/uploads\/2024\/02\/13-kommet\u00a9-Jean-Franc\u0327ois-Krebs-Lucas-Zambon-1536x1024.jpg 1536w, https:\/\/kommet.fr\/wp-content\/uploads\/2024\/02\/13-kommet\u00a9-Jean-Franc\u0327ois-Krebs-Lucas-Zambon.jpg 2048w\" sizes=\"(max-width: 706px) 89vw, (max-width: 767px) 82vw, 740px\" \/><figcaption>Vue d&#8217;exposition du solo show de Jean-Fran\u00e7ois Krebs. Cr\u00e9dit photo : Lucas Zambon<\/figcaption><\/figure>\n\n\n\n<figure class=\"wp-block-image size-large is-resized\"><img src=\"https:\/\/kommet.fr\/wp-content\/uploads\/2024\/02\/14-kommet\u00a9-Jean-Franc\u0327ois-Krebs-Lucas-Zambon-1024x683.jpg\" alt=\"\" class=\"wp-image-1861\" width=\"700\" srcset=\"https:\/\/kommet.fr\/wp-content\/uploads\/2024\/02\/14-kommet\u00a9-Jean-Franc\u0327ois-Krebs-Lucas-Zambon-1024x683.jpg 1024w, https:\/\/kommet.fr\/wp-content\/uploads\/2024\/02\/14-kommet\u00a9-Jean-Franc\u0327ois-Krebs-Lucas-Zambon-300x200.jpg 300w, https:\/\/kommet.fr\/wp-content\/uploads\/2024\/02\/14-kommet\u00a9-Jean-Franc\u0327ois-Krebs-Lucas-Zambon-768x512.jpg 768w, https:\/\/kommet.fr\/wp-content\/uploads\/2024\/02\/14-kommet\u00a9-Jean-Franc\u0327ois-Krebs-Lucas-Zambon-1536x1024.jpg 1536w, https:\/\/kommet.fr\/wp-content\/uploads\/2024\/02\/14-kommet\u00a9-Jean-Franc\u0327ois-Krebs-Lucas-Zambon.jpg 2048w\" sizes=\"(max-width: 706px) 89vw, (max-width: 767px) 82vw, 740px\" \/><figcaption>Vue d&#8217;exposition du solo show de Jean-Fran\u00e7ois Krebs. Cr\u00e9dit photo : Lucas Zambon<\/figcaption><\/figure>\n\n\n\n<figure class=\"wp-block-image size-large is-resized\"><img src=\"https:\/\/kommet.fr\/wp-content\/uploads\/2024\/02\/16-kommet\u00a9-Jean-Franc\u0327ois-Krebs-Lucas-Zambon-683x1024.jpg\" alt=\"\" class=\"wp-image-1862\" width=\"700\" srcset=\"https:\/\/kommet.fr\/wp-content\/uploads\/2024\/02\/16-kommet\u00a9-Jean-Franc\u0327ois-Krebs-Lucas-Zambon-683x1024.jpg 683w, https:\/\/kommet.fr\/wp-content\/uploads\/2024\/02\/16-kommet\u00a9-Jean-Franc\u0327ois-Krebs-Lucas-Zambon-200x300.jpg 200w, https:\/\/kommet.fr\/wp-content\/uploads\/2024\/02\/16-kommet\u00a9-Jean-Franc\u0327ois-Krebs-Lucas-Zambon-768x1152.jpg 768w, https:\/\/kommet.fr\/wp-content\/uploads\/2024\/02\/16-kommet\u00a9-Jean-Franc\u0327ois-Krebs-Lucas-Zambon-1024x1536.jpg 1024w, https:\/\/kommet.fr\/wp-content\/uploads\/2024\/02\/16-kommet\u00a9-Jean-Franc\u0327ois-Krebs-Lucas-Zambon-1365x2048.jpg 1365w, https:\/\/kommet.fr\/wp-content\/uploads\/2024\/02\/16-kommet\u00a9-Jean-Franc\u0327ois-Krebs-Lucas-Zambon-scaled.jpg 1707w\" sizes=\"(max-width: 683px) 100vw, 683px\" \/><figcaption>Vue d&#8217;exposition du solo show de Jean-Fran\u00e7ois Krebs. Cr\u00e9dit photo : Lucas Zambon<\/figcaption><\/figure>\n","protected":false},"excerpt":{"rendered":"<p>TRANS*-AN\u00c9THOL Lors de recherches effectu\u00e9es sur Internet, l\u2019utilisation de l\u2019ast\u00e9risque \u00e9largit la requ\u00eate en incluant des termes connexes et en laissant place \u00e0 une exploration plus \u00e9tendue. Comme un clin d\u2019\u0153il, l\u2019ast\u00e9risque d\u00e9ploie sa pr\u00e9sence de mani\u00e8re double : non seulement dans le titre Trans*-an\u00e9thol, mais \u00e9galement \u00e0 travers la manifestation tangible de ces anis &hellip; <\/p>\n<p class=\"link-more\"><a href=\"https:\/\/kommet.fr\/index.php\/2024\/02\/17\/jean-francois-krebs-trans-anethol\/\" class=\"more-link\">Continuer la lecture<span class=\"screen-reader-text\"> de &laquo;&nbsp;Jean-Fran\u00e7ois Krebs &#8211; TRANS*-AN\u00c9THOL&nbsp;&raquo;<\/span><\/a><\/p>\n","protected":false},"author":2,"featured_media":1822,"comment_status":"closed","ping_status":"open","sticky":false,"template":"","format":"standard","meta":[],"categories":[5],"tags":[],"_links":{"self":[{"href":"https:\/\/kommet.fr\/index.php\/wp-json\/wp\/v2\/posts\/1855"}],"collection":[{"href":"https:\/\/kommet.fr\/index.php\/wp-json\/wp\/v2\/posts"}],"about":[{"href":"https:\/\/kommet.fr\/index.php\/wp-json\/wp\/v2\/types\/post"}],"author":[{"embeddable":true,"href":"https:\/\/kommet.fr\/index.php\/wp-json\/wp\/v2\/users\/2"}],"replies":[{"embeddable":true,"href":"https:\/\/kommet.fr\/index.php\/wp-json\/wp\/v2\/comments?post=1855"}],"version-history":[{"count":2,"href":"https:\/\/kommet.fr\/index.php\/wp-json\/wp\/v2\/posts\/1855\/revisions"}],"predecessor-version":[{"id":1864,"href":"https:\/\/kommet.fr\/index.php\/wp-json\/wp\/v2\/posts\/1855\/revisions\/1864"}],"wp:featuredmedia":[{"embeddable":true,"href":"https:\/\/kommet.fr\/index.php\/wp-json\/wp\/v2\/media\/1822"}],"wp:attachment":[{"href":"https:\/\/kommet.fr\/index.php\/wp-json\/wp\/v2\/media?parent=1855"}],"wp:term":[{"taxonomy":"category","embeddable":true,"href":"https:\/\/kommet.fr\/index.php\/wp-json\/wp\/v2\/categories?post=1855"},{"taxonomy":"post_tag","embeddable":true,"href":"https:\/\/kommet.fr\/index.php\/wp-json\/wp\/v2\/tags?post=1855"}],"curies":[{"name":"wp","href":"https:\/\/api.w.org\/{rel}","templated":true}]}}