{"id":1614,"date":"2022-08-19T16:48:38","date_gmt":"2022-08-19T14:48:38","guid":{"rendered":"https:\/\/kommet.fr\/?p=1614"},"modified":"2024-08-18T17:35:05","modified_gmt":"2024-08-18T15:35:05","slug":"laura-pouppeville-un-peu-de-chaque-sur-la-table","status":"publish","type":"post","link":"https:\/\/kommet.fr\/index.php\/2022\/08\/19\/laura-pouppeville-un-peu-de-chaque-sur-la-table\/","title":{"rendered":"R\u00e9sidence Laura Pouppeville"},"content":{"rendered":"\n<p>&#8220;<strong>Un peu de chaque sur la table<\/strong>&#8220;<\/p>\n\n\n\n<p><strong>R\u00e9sidence hors-les-murs de l&#8217;artiste Laura Pouppeville en partenariat avec le centre social l\u2019Escale solidaire<\/strong> <strong>du 3e \u00e0 Lyon. <\/strong><\/p>\n\n\n\n<p>Cette r\u00e9sidence s\u2019inscrit dans le programme \u00c9t\u00e9 culturel 2022 et Quartier d&#8217;\u00e9t\u00e9 &#8211; Projet soutenu la DRAC Auvergne-Rh\u00f4ne-Alpes \/ Minist\u00e8re de la Culture, par la Ville de Lyon et la Pr\u00e9fecture du Rh\u00f4ne.<\/p>\n\n\n\n<figure class=\"wp-block-image size-large is-resized\"><img loading=\"lazy\" src=\"https:\/\/kommet.fr\/wp-content\/uploads\/2022\/11\/kommet-\u00a9-Lucas-Zambon-6949-1024x684.jpg\" alt=\"\" class=\"wp-image-1688\" width=\"700\" height=\"450\"\/><\/figure>\n\n\n\n<figure class=\"wp-block-image size-large is-resized\"><img src=\"https:\/\/kommet.fr\/wp-content\/uploads\/2022\/11\/kommet-\u00a9-Lucas-Zambon-6996-1024x684.jpg\" alt=\"\" class=\"wp-image-1690\" width=\"700\" srcset=\"https:\/\/kommet.fr\/wp-content\/uploads\/2022\/11\/kommet-\u00a9-Lucas-Zambon-6996-1024x684.jpg 1024w, https:\/\/kommet.fr\/wp-content\/uploads\/2022\/11\/kommet-\u00a9-Lucas-Zambon-6996-300x200.jpg 300w, https:\/\/kommet.fr\/wp-content\/uploads\/2022\/11\/kommet-\u00a9-Lucas-Zambon-6996-768x513.jpg 768w, https:\/\/kommet.fr\/wp-content\/uploads\/2022\/11\/kommet-\u00a9-Lucas-Zambon-6996-1536x1025.jpg 1536w, https:\/\/kommet.fr\/wp-content\/uploads\/2022\/11\/kommet-\u00a9-Lucas-Zambon-6996-2048x1367.jpg 2048w\" sizes=\"(max-width: 706px) 89vw, (max-width: 767px) 82vw, 740px\" \/><\/figure>\n\n\n\n<figure class=\"wp-block-image size-large is-resized\"><img src=\"https:\/\/kommet.fr\/wp-content\/uploads\/2022\/11\/kommet-\u00a9-Lucas-Zambon-7034-1024x684.jpg\" alt=\"\" class=\"wp-image-1691\" width=\"700\" srcset=\"https:\/\/kommet.fr\/wp-content\/uploads\/2022\/11\/kommet-\u00a9-Lucas-Zambon-7034-1024x684.jpg 1024w, https:\/\/kommet.fr\/wp-content\/uploads\/2022\/11\/kommet-\u00a9-Lucas-Zambon-7034-300x200.jpg 300w, https:\/\/kommet.fr\/wp-content\/uploads\/2022\/11\/kommet-\u00a9-Lucas-Zambon-7034-768x513.jpg 768w, https:\/\/kommet.fr\/wp-content\/uploads\/2022\/11\/kommet-\u00a9-Lucas-Zambon-7034-1536x1025.jpg 1536w, https:\/\/kommet.fr\/wp-content\/uploads\/2022\/11\/kommet-\u00a9-Lucas-Zambon-7034-2048x1367.jpg 2048w\" sizes=\"(max-width: 706px) 89vw, (max-width: 767px) 82vw, 740px\" \/><\/figure>\n\n\n\n<p class=\"has-text-align-right\">Cr\u00e9dits photos : Lucas Zambon<\/p>\n\n\n\n<div style=\"height:25px\" aria-hidden=\"true\" class=\"wp-block-spacer\"><\/div>\n\n\n\n<p>L\u2019Escale solidaire offre \u00e0 ses passagers des moments conviviaux par le biais du Bistro des<br>amis. Les usagers y viennent pour se restaurer mais aussi pour participer \u00e0 des activit\u00e9s<br>programm\u00e9es ou \u00e0 une partie de cartes improvis\u00e9e ! L\u2019atmosph\u00e8re r\u00e9confortante et familiale est propice aux rencontres et aux \u00e9changes entre r\u00e9sidents et b\u00e9n\u00e9voles.<\/p>\n\n\n\n<p>L\u2019artiste Laura Pouppeville entrem\u00eale dans sa pratique \u00e9criture, sculpture, vid\u00e9o, installation et performance. Suite \u00e0 des rencontres et des moments partag\u00e9s, elle tisse des liens entre sa pratique et autrui. Elle traite des transmissions de souvenirs, des oublis et d\u00e9formations d\u2019histoires, de la construction et la disparition des espaces ou des objets, de la cohabitation, de la f\u00eate, des repas, de l\u2019amour. En effet, l\u2019artiste axe essentiellement sa recherche plastique sur des th\u00e9matiques li\u00e9es \u00e0 la m\u00e9moire et \u00e0 nos mani\u00e8res de communiquer avec le corps ou la parole.<\/p>\n\n\n\n<p>Pour cette nouvelle r\u00e9sidence, Laura Pouppeville est all\u00e9e \u00e0 la rencontre des passagers et des b\u00e9n\u00e9voles de l\u2019Escale solidaire afin d\u2019\u00e9changer sur la notion de repas. Assist\u00e9e de Marianne Rioual, l\u2019artiste a partag\u00e9 de nombreux moments avec les participants \u00e0 diff\u00e9rentes occasions : dans la structure sociale (Bistro des amis) ou encore \u00e0 Fourvi\u00e8re avec le bus mobile de l\u2019Escale solidaire.<\/p>\n\n\n\n<p>Cette premi\u00e8re \u00e9tape a \u00e9t\u00e9 l\u2019occasion pour les participants de faire remonter \u00e0 la surface des souvenirs li\u00e9s \u00e0 la nourriture et \u00e0 des repas v\u00e9cus. D\u2019autres temps ont \u00e9t\u00e9 d\u00e9di\u00e9s \u00e0 la production de formes avec les participants&nbsp;: dessins, modelage en argile d\u2019\u00e9l\u00e9ments rattach\u00e9s \u00e0 la th\u00e9matique du repas (vaisselle, nourriture, ustensiles de cuisine, accessoires de tables, moments v\u00e9cus).<\/p>\n\n\n\n<p>Ces productions s\u2019apparentant \u00e0 des micro-installations, (sculptures, nourriture, recettes, r\u00e9cits, etc.) sont statufi\u00e9es par l\u2019effet d\u2019aspiration \u00e9mise par une machine de mise sous vide. Les \u00e9l\u00e9ments pr\u00e9serv\u00e9s dans un emballage continuent n\u00e9anmoins de se d\u00e9grader et d\u2019accumuler les traces du temps. Ainsi, cette technique est comme une tentative vaine de conservation du souvenir. Laura Pouppeville a \u00e9galement entam\u00e9 une production personnelle qui s\u2019entrem\u00eale aux r\u00e9alisations des passagers.<\/p>\n\n\n\n<p>La production finale prend la forme d\u2019une installation o\u00f9 se c\u00f4toient des bribes d\u2019histoires personnelles. Ces derni\u00e8res forment un \u00e9talage fictif r\u00e9unissant des souvenirs mis en commun. L\u2019installation sugg\u00e8re aux spectateurs qu\u2019un seul et m\u00eame repas se serait d\u00e9roul\u00e9 alors que cette pi\u00e8ce \u00e9mane de multiples temporalit\u00e9s et spatialit\u00e9s.<\/p>\n\n\n\n<p>Au-del\u00e0 de partager des moments chaleureux et conviviaux, aborder cette notion de repas permet de mettre en valeur la diversit\u00e9 culturelle du quartier par le patrimoine culinaire et de cr\u00e9er du lien entre les participants.<\/p>\n\n\n\n<p><em>Merci infiniment \u00e0 toute l\u2019\u00e9quipe de l\u2019Escale solidaire, du 3e, les passagers, Marianne Rioual et Thelma Feydri<\/em><\/p>\n\n\n\n<p>_<\/p>\n\n\n\n<p>N\u00e9e en 1992, <strong><a href=\"https:\/\/laurapouppeville.fr\/\">Laura Pouppeville<\/a><\/strong> vit et travaille \u00e0 Lyon. Elle est dipl\u00f4m\u00e9e en design et environnements \u00e0 l\u2019Universit\u00e9 Panth\u00e9on-Sorbonne (2014), en sociologie \u00e0 l\u2019Universit\u00e9 Paris Diderot (2017), et en design et espace \u00e0 l\u2019\u00c9cole Sup\u00e9rieure d\u2019Art et d\u2019Agglom\u00e9ration d\u2019Annecy (DNSEP, 2016).<\/p>\n\n\n\n<figure class=\"wp-container-2 wp-block-gallery-1 wp-block-gallery aligncenter has-nested-images columns-default is-cropped\">\n<figure class=\"wp-block-image size-large\"><img loading=\"lazy\" width=\"793\" height=\"991\" data-id=\"1621\"  src=\"https:\/\/kommet.fr\/wp-content\/uploads\/2022\/08\/1A0B637E-1DDA-4EF1-A2A3-E82612C613A3_1_105_c.jpeg\" alt=\"\" class=\"wp-image-1621\" srcset=\"https:\/\/kommet.fr\/wp-content\/uploads\/2022\/08\/1A0B637E-1DDA-4EF1-A2A3-E82612C613A3_1_105_c.jpeg 793w, https:\/\/kommet.fr\/wp-content\/uploads\/2022\/08\/1A0B637E-1DDA-4EF1-A2A3-E82612C613A3_1_105_c-240x300.jpeg 240w, https:\/\/kommet.fr\/wp-content\/uploads\/2022\/08\/1A0B637E-1DDA-4EF1-A2A3-E82612C613A3_1_105_c-768x960.jpeg 768w\" sizes=\"(max-width: 706px) 89vw, (max-width: 767px) 82vw, 740px\" \/><\/figure>\n\n\n\n<figure class=\"wp-block-image size-large\"><img loading=\"lazy\" width=\"1920\" height=\"2560\" data-id=\"1620\"  src=\"https:\/\/kommet.fr\/wp-content\/uploads\/2022\/08\/IMG_4132-scaled.jpg\" alt=\"\" class=\"wp-image-1620\" srcset=\"https:\/\/kommet.fr\/wp-content\/uploads\/2022\/08\/IMG_4132-scaled.jpg 1920w, https:\/\/kommet.fr\/wp-content\/uploads\/2022\/08\/IMG_4132-225x300.jpg 225w, https:\/\/kommet.fr\/wp-content\/uploads\/2022\/08\/IMG_4132-768x1024.jpg 768w, https:\/\/kommet.fr\/wp-content\/uploads\/2022\/08\/IMG_4132-1152x1536.jpg 1152w, https:\/\/kommet.fr\/wp-content\/uploads\/2022\/08\/IMG_4132-1536x2048.jpg 1536w\" sizes=\"(max-width: 706px) 89vw, (max-width: 767px) 82vw, 740px\" \/><\/figure>\n\n\n\n<figure class=\"wp-block-image size-large\"><img loading=\"lazy\" width=\"768\" height=\"1024\" data-id=\"1622\"  src=\"https:\/\/kommet.fr\/wp-content\/uploads\/2022\/08\/8FE7DF1A-2219-45EE-A56B-92184CC01757_1_105_c.jpeg\" alt=\"\" class=\"wp-image-1622\" srcset=\"https:\/\/kommet.fr\/wp-content\/uploads\/2022\/08\/8FE7DF1A-2219-45EE-A56B-92184CC01757_1_105_c.jpeg 768w, https:\/\/kommet.fr\/wp-content\/uploads\/2022\/08\/8FE7DF1A-2219-45EE-A56B-92184CC01757_1_105_c-225x300.jpeg 225w\" sizes=\"(max-width: 706px) 89vw, (max-width: 767px) 82vw, 740px\" \/><\/figure>\n<\/figure>\n\n\n\n<div style=\"height:17px\" aria-hidden=\"true\" class=\"wp-block-spacer\"><\/div>\n","protected":false},"excerpt":{"rendered":"<p>&#8220;Un peu de chaque sur la table&#8220; R\u00e9sidence hors-les-murs de l&#8217;artiste Laura Pouppeville en partenariat avec le centre social l\u2019Escale solidaire du 3e \u00e0 Lyon. Cette r\u00e9sidence s\u2019inscrit dans le programme \u00c9t\u00e9 culturel 2022 et Quartier d&#8217;\u00e9t\u00e9 &#8211; Projet soutenu la DRAC Auvergne-Rh\u00f4ne-Alpes \/ Minist\u00e8re de la Culture, par la Ville de Lyon et la &hellip; <\/p>\n<p class=\"link-more\"><a href=\"https:\/\/kommet.fr\/index.php\/2022\/08\/19\/laura-pouppeville-un-peu-de-chaque-sur-la-table\/\" class=\"more-link\">Continuer la lecture<span class=\"screen-reader-text\"> de &laquo;&nbsp;R\u00e9sidence Laura Pouppeville&nbsp;&raquo;<\/span><\/a><\/p>\n","protected":false},"author":2,"featured_media":0,"comment_status":"closed","ping_status":"open","sticky":false,"template":"","format":"standard","meta":[],"categories":[5,28,29],"tags":[],"_links":{"self":[{"href":"https:\/\/kommet.fr\/index.php\/wp-json\/wp\/v2\/posts\/1614"}],"collection":[{"href":"https:\/\/kommet.fr\/index.php\/wp-json\/wp\/v2\/posts"}],"about":[{"href":"https:\/\/kommet.fr\/index.php\/wp-json\/wp\/v2\/types\/post"}],"author":[{"embeddable":true,"href":"https:\/\/kommet.fr\/index.php\/wp-json\/wp\/v2\/users\/2"}],"replies":[{"embeddable":true,"href":"https:\/\/kommet.fr\/index.php\/wp-json\/wp\/v2\/comments?post=1614"}],"version-history":[{"count":12,"href":"https:\/\/kommet.fr\/index.php\/wp-json\/wp\/v2\/posts\/1614\/revisions"}],"predecessor-version":[{"id":1696,"href":"https:\/\/kommet.fr\/index.php\/wp-json\/wp\/v2\/posts\/1614\/revisions\/1696"}],"wp:attachment":[{"href":"https:\/\/kommet.fr\/index.php\/wp-json\/wp\/v2\/media?parent=1614"}],"wp:term":[{"taxonomy":"category","embeddable":true,"href":"https:\/\/kommet.fr\/index.php\/wp-json\/wp\/v2\/categories?post=1614"},{"taxonomy":"post_tag","embeddable":true,"href":"https:\/\/kommet.fr\/index.php\/wp-json\/wp\/v2\/tags?post=1614"}],"curies":[{"name":"wp","href":"https:\/\/api.w.org\/{rel}","templated":true}]}}